{"id":10718,"date":"2020-02-14T13:11:54","date_gmt":"2020-02-14T13:11:54","guid":{"rendered":"https:\/\/www.fagor.eus\/?p=8590"},"modified":"2022-01-21T13:06:47","modified_gmt":"2022-01-21T13:06:47","slug":"estreno-de-la-pelicula-de-animacion-lur-eta-amets","status":"publish","type":"post","link":"https:\/\/www.fagor.eus\/es\/estreno-de-la-pelicula-de-animacion-lur-eta-amets\/","title":{"rendered":"Estreno de la pel\u00edcula de animaci\u00f3n &#8216;Lur eta Amets&#8217;"},"content":{"rendered":"<p>La historia de aventuras que se adentra en la historia de Euskal Herria, ha contado con la ayuda de Fagor Taldea.<\/p>\n<p>La pel\u00edcula de animaci\u00f3n Lur eta Amets se estreno en los cines el 7 de febrero. El film  ha sido dirigido por Imanol Zinkunegi y Joseba Ponce y en la producci\u00f3n han participado la productora Lotura Films, Ikastolen Elkartea y Elkar.<\/p>\n<p>En la pel\u00edcula los padres de Lur y Amets tienen una boda este fin de semana y han dejado a los gemelos en casa de la abuela Andere. Gracias a los poderes de ella y de su gato Baltaxar, no va a ser un fin de semana convencional. Se adentrar\u00e1n en un viaje inolvidable, se trasladar\u00e1n a diferentes \u00e9pocas y vivir\u00e1n aventuras a lo largo de nuestra historia. Claro que, por desgracia, siempre tendr\u00e1n a unos malvados pis\u00e1ndoles los talones.<\/p>\n<p><iframe loading=\"lazy\" title=\"Lur eta Amets filma - Trailer\" width=\"1080\" height=\"608\" src=\"https:\/\/www.youtube.com\/embed\/9ZeEub_WG54?feature=oembed\" frameborder=\"0\" allow=\"accelerometer; autoplay; clipboard-write; encrypted-media; gyroscope; picture-in-picture\" allowfullscreen><\/iframe><\/p>\n<p>&nbsp;<\/p>\n<p>Aqu\u00ed ten\u00e9is la opini\u00f3n de Aritz Otxandiano, responsable del \u00e1rea de Innovaci\u00f3n Social de Fagor Taldea, sobre el film.<\/p>\n<p><iframe loading=\"lazy\" title=\"Aritz Otxandianok dio... Lur eta Amets filma\" width=\"1080\" height=\"608\" src=\"https:\/\/www.youtube.com\/embed\/nxXD13OH6WU?feature=oembed\" frameborder=\"0\" allow=\"accelerometer; autoplay; clipboard-write; encrypted-media; gyroscope; picture-in-picture\" allowfullscreen><\/iframe><\/p>\n","protected":false},"excerpt":{"rendered":"<p>La historia de aventuras que se adentra en la historia de Euskal Herria, ha contado con la ayuda de Fagor Taldea. La pel\u00edcula de animaci\u00f3n Lur eta Amets se estreno en los cines el 7 de febrero.<\/p>\n","protected":false},"author":1,"featured_media":12000,"comment_status":"closed","ping_status":"closed","sticky":false,"template":"","format":"standard","meta":{"footnotes":""},"categories":[104],"tags":[],"class_list":{"0":"post-10718","1":"post","2":"type-post","3":"status-publish","4":"format-standard","5":"has-post-thumbnail","7":"category-grupo-fagor-es"},"yoast_head":"<!-- This site is optimized with the Yoast SEO plugin v27.4 - https:\/\/yoast.com\/product\/yoast-seo-wordpress\/ -->\n<title>Estreno de la pel\u00edcula de animaci\u00f3n &#039;Lur eta Amets&#039; &#187; FAGOR Trabajando por un futuro mejor<\/title>\n<meta name=\"robots\" content=\"index, follow, max-snippet:-1, max-image-preview:large, max-video-preview:-1\" \/>\n<link rel=\"canonical\" href=\"https:\/\/www.fagor.eus\/es\/estreno-de-la-pelicula-de-animacion-lur-eta-amets\/\" \/>\n<meta property=\"og:locale\" content=\"es_ES\" \/>\n<meta property=\"og:type\" content=\"article\" \/>\n<meta property=\"og:title\" content=\"Estreno de la pel\u00edcula de animaci\u00f3n &#039;Lur eta Amets&#039; &#187; FAGOR Trabajando por un futuro mejor\" \/>\n<meta property=\"og:description\" content=\"La historia de aventuras que se adentra en la historia de Euskal Herria, ha contado con la ayuda de Fagor Taldea. La pel\u00edcula de animaci\u00f3n Lur eta Amets se estreno en los cines el 7 de febrero.\" \/>\n<meta property=\"og:url\" content=\"https:\/\/www.fagor.eus\/es\/estreno-de-la-pelicula-de-animacion-lur-eta-amets\/\" \/>\n<meta property=\"og:site_name\" content=\"FAGOR\" \/>\n<meta property=\"article:published_time\" content=\"2020-02-14T13:11:54+00:00\" \/>\n<meta property=\"article:modified_time\" content=\"2022-01-21T13:06:47+00:00\" \/>\n<meta property=\"og:image\" content=\"https:\/\/www.fagor.eus\/wp-content\/uploads\/2020\/02\/lur-eta-amets.jpg\" \/>\n\t<meta property=\"og:image:width\" content=\"1920\" \/>\n\t<meta property=\"og:image:height\" content=\"1080\" \/>\n\t<meta property=\"og:image:type\" content=\"image\/jpeg\" \/>\n<meta name=\"author\" content=\"Fagor Taldea\" \/>\n<meta name=\"twitter:card\" content=\"summary_large_image\" \/>\n<meta name=\"twitter:creator\" content=\"@FagorTaldea\" \/>\n<meta name=\"twitter:site\" content=\"@FagorTaldea\" \/>\n<meta name=\"twitter:label1\" content=\"Escrito por\" \/>\n\t<meta name=\"twitter:data1\" content=\"Fagor Taldea\" \/>\n\t<meta name=\"twitter:label2\" content=\"Tiempo de lectura\" \/>\n\t<meta name=\"twitter:data2\" content=\"1 minuto\" \/>\n<script type=\"application\/ld+json\" class=\"yoast-schema-graph\">{\"@context\":\"https:\\\/\\\/schema.org\",\"@graph\":[{\"@type\":\"Article\",\"@id\":\"https:\\\/\\\/www.fagor.eus\\\/es\\\/estreno-de-la-pelicula-de-animacion-lur-eta-amets\\\/#article\",\"isPartOf\":{\"@id\":\"https:\\\/\\\/www.fagor.eus\\\/es\\\/estreno-de-la-pelicula-de-animacion-lur-eta-amets\\\/\"},\"author\":{\"name\":\"Fagor Taldea\",\"@id\":\"https:\\\/\\\/www.fagor.eus\\\/#\\\/schema\\\/person\\\/d7294802cef9840476f49bd2f2122375\"},\"headline\":\"Estreno de la pel\u00edcula de animaci\u00f3n &#8216;Lur eta Amets&#8217;\",\"datePublished\":\"2020-02-14T13:11:54+00:00\",\"dateModified\":\"2022-01-21T13:06:47+00:00\",\"mainEntityOfPage\":{\"@id\":\"https:\\\/\\\/www.fagor.eus\\\/es\\\/estreno-de-la-pelicula-de-animacion-lur-eta-amets\\\/\"},\"wordCount\":201,\"image\":{\"@id\":\"https:\\\/\\\/www.fagor.eus\\\/es\\\/estreno-de-la-pelicula-de-animacion-lur-eta-amets\\\/#primaryimage\"},\"thumbnailUrl\":\"https:\\\/\\\/www.fagor.eus\\\/wp-content\\\/uploads\\\/2020\\\/02\\\/lur-eta-amets.jpg\",\"articleSection\":[\"Grupo Fagor\"],\"inLanguage\":\"es\"},{\"@type\":\"WebPage\",\"@id\":\"https:\\\/\\\/www.fagor.eus\\\/es\\\/estreno-de-la-pelicula-de-animacion-lur-eta-amets\\\/\",\"url\":\"https:\\\/\\\/www.fagor.eus\\\/es\\\/estreno-de-la-pelicula-de-animacion-lur-eta-amets\\\/\",\"name\":\"Estreno de la pel\u00edcula de animaci\u00f3n 'Lur eta Amets' &#187; FAGOR Trabajando por un futuro mejor\",\"isPartOf\":{\"@id\":\"https:\\\/\\\/www.fagor.eus\\\/#website\"},\"primaryImageOfPage\":{\"@id\":\"https:\\\/\\\/www.fagor.eus\\\/es\\\/estreno-de-la-pelicula-de-animacion-lur-eta-amets\\\/#primaryimage\"},\"image\":{\"@id\":\"https:\\\/\\\/www.fagor.eus\\\/es\\\/estreno-de-la-pelicula-de-animacion-lur-eta-amets\\\/#primaryimage\"},\"thumbnailUrl\":\"https:\\\/\\\/www.fagor.eus\\\/wp-content\\\/uploads\\\/2020\\\/02\\\/lur-eta-amets.jpg\",\"datePublished\":\"2020-02-14T13:11:54+00:00\",\"dateModified\":\"2022-01-21T13:06:47+00:00\",\"author\":{\"@id\":\"https:\\\/\\\/www.fagor.eus\\\/#\\\/schema\\\/person\\\/d7294802cef9840476f49bd2f2122375\"},\"breadcrumb\":{\"@id\":\"https:\\\/\\\/www.fagor.eus\\\/es\\\/estreno-de-la-pelicula-de-animacion-lur-eta-amets\\\/#breadcrumb\"},\"inLanguage\":\"es\",\"potentialAction\":[{\"@type\":\"ReadAction\",\"target\":[\"https:\\\/\\\/www.fagor.eus\\\/es\\\/estreno-de-la-pelicula-de-animacion-lur-eta-amets\\\/\"]}]},{\"@type\":\"ImageObject\",\"inLanguage\":\"es\",\"@id\":\"https:\\\/\\\/www.fagor.eus\\\/es\\\/estreno-de-la-pelicula-de-animacion-lur-eta-amets\\\/#primaryimage\",\"url\":\"https:\\\/\\\/www.fagor.eus\\\/wp-content\\\/uploads\\\/2020\\\/02\\\/lur-eta-amets.jpg\",\"contentUrl\":\"https:\\\/\\\/www.fagor.eus\\\/wp-content\\\/uploads\\\/2020\\\/02\\\/lur-eta-amets.jpg\",\"width\":1920,\"height\":1080},{\"@type\":\"BreadcrumbList\",\"@id\":\"https:\\\/\\\/www.fagor.eus\\\/es\\\/estreno-de-la-pelicula-de-animacion-lur-eta-amets\\\/#breadcrumb\",\"itemListElement\":[{\"@type\":\"ListItem\",\"position\":1,\"name\":\"Home\",\"item\":\"https:\\\/\\\/www.fagor.eus\\\/es\\\/\"},{\"@type\":\"ListItem\",\"position\":2,\"name\":\"Estreno de la pel\u00edcula de animaci\u00f3n &#8216;Lur eta Amets&#8217;\"}]},{\"@type\":\"WebSite\",\"@id\":\"https:\\\/\\\/www.fagor.eus\\\/#website\",\"url\":\"https:\\\/\\\/www.fagor.eus\\\/\",\"name\":\"Fagor\",\"description\":\"Trabajando por un futuro mejor\",\"potentialAction\":[{\"@type\":\"SearchAction\",\"target\":{\"@type\":\"EntryPoint\",\"urlTemplate\":\"https:\\\/\\\/www.fagor.eus\\\/?s={search_term_string}\"},\"query-input\":{\"@type\":\"PropertyValueSpecification\",\"valueRequired\":true,\"valueName\":\"search_term_string\"}}],\"inLanguage\":\"es\"},{\"@type\":\"Person\",\"@id\":\"https:\\\/\\\/www.fagor.eus\\\/#\\\/schema\\\/person\\\/d7294802cef9840476f49bd2f2122375\",\"name\":\"Fagor Taldea\",\"image\":{\"@type\":\"ImageObject\",\"inLanguage\":\"es\",\"@id\":\"https:\\\/\\\/secure.gravatar.com\\\/avatar\\\/cec0ca982b168f09eff729422ed88eaaae37172c0336e0d27cd3f2b75015b046?s=96&d=mm&r=g\",\"url\":\"https:\\\/\\\/secure.gravatar.com\\\/avatar\\\/cec0ca982b168f09eff729422ed88eaaae37172c0336e0d27cd3f2b75015b046?s=96&d=mm&r=g\",\"contentUrl\":\"https:\\\/\\\/secure.gravatar.com\\\/avatar\\\/cec0ca982b168f09eff729422ed88eaaae37172c0336e0d27cd3f2b75015b046?s=96&d=mm&r=g\",\"caption\":\"Fagor Taldea\"},\"url\":\"https:\\\/\\\/www.fagor.eus\\\/es\\\/author\\\/system\\\/\"}]}<\/script>\n<!-- \/ Yoast SEO plugin. -->","yoast_head_json":{"title":"Estreno de la pel\u00edcula de animaci\u00f3n 'Lur eta Amets' &#187; FAGOR Trabajando por un futuro mejor","robots":{"index":"index","follow":"follow","max-snippet":"max-snippet:-1","max-image-preview":"max-image-preview:large","max-video-preview":"max-video-preview:-1"},"canonical":"https:\/\/www.fagor.eus\/es\/estreno-de-la-pelicula-de-animacion-lur-eta-amets\/","og_locale":"es_ES","og_type":"article","og_title":"Estreno de la pel\u00edcula de animaci\u00f3n 'Lur eta Amets' &#187; FAGOR Trabajando por un futuro mejor","og_description":"La historia de aventuras que se adentra en la historia de Euskal Herria, ha contado con la ayuda de Fagor Taldea. La pel\u00edcula de animaci\u00f3n Lur eta Amets se estreno en los cines el 7 de febrero.","og_url":"https:\/\/www.fagor.eus\/es\/estreno-de-la-pelicula-de-animacion-lur-eta-amets\/","og_site_name":"FAGOR","article_published_time":"2020-02-14T13:11:54+00:00","article_modified_time":"2022-01-21T13:06:47+00:00","og_image":[{"width":1920,"height":1080,"url":"https:\/\/www.fagor.eus\/wp-content\/uploads\/2020\/02\/lur-eta-amets.jpg","type":"image\/jpeg"}],"author":"Fagor Taldea","twitter_card":"summary_large_image","twitter_creator":"@FagorTaldea","twitter_site":"@FagorTaldea","twitter_misc":{"Escrito por":"Fagor Taldea","Tiempo de lectura":"1 minuto"},"schema":{"@context":"https:\/\/schema.org","@graph":[{"@type":"Article","@id":"https:\/\/www.fagor.eus\/es\/estreno-de-la-pelicula-de-animacion-lur-eta-amets\/#article","isPartOf":{"@id":"https:\/\/www.fagor.eus\/es\/estreno-de-la-pelicula-de-animacion-lur-eta-amets\/"},"author":{"name":"Fagor Taldea","@id":"https:\/\/www.fagor.eus\/#\/schema\/person\/d7294802cef9840476f49bd2f2122375"},"headline":"Estreno de la pel\u00edcula de animaci\u00f3n &#8216;Lur eta Amets&#8217;","datePublished":"2020-02-14T13:11:54+00:00","dateModified":"2022-01-21T13:06:47+00:00","mainEntityOfPage":{"@id":"https:\/\/www.fagor.eus\/es\/estreno-de-la-pelicula-de-animacion-lur-eta-amets\/"},"wordCount":201,"image":{"@id":"https:\/\/www.fagor.eus\/es\/estreno-de-la-pelicula-de-animacion-lur-eta-amets\/#primaryimage"},"thumbnailUrl":"https:\/\/www.fagor.eus\/wp-content\/uploads\/2020\/02\/lur-eta-amets.jpg","articleSection":["Grupo Fagor"],"inLanguage":"es"},{"@type":"WebPage","@id":"https:\/\/www.fagor.eus\/es\/estreno-de-la-pelicula-de-animacion-lur-eta-amets\/","url":"https:\/\/www.fagor.eus\/es\/estreno-de-la-pelicula-de-animacion-lur-eta-amets\/","name":"Estreno de la pel\u00edcula de animaci\u00f3n 'Lur eta Amets' &#187; FAGOR Trabajando por un futuro mejor","isPartOf":{"@id":"https:\/\/www.fagor.eus\/#website"},"primaryImageOfPage":{"@id":"https:\/\/www.fagor.eus\/es\/estreno-de-la-pelicula-de-animacion-lur-eta-amets\/#primaryimage"},"image":{"@id":"https:\/\/www.fagor.eus\/es\/estreno-de-la-pelicula-de-animacion-lur-eta-amets\/#primaryimage"},"thumbnailUrl":"https:\/\/www.fagor.eus\/wp-content\/uploads\/2020\/02\/lur-eta-amets.jpg","datePublished":"2020-02-14T13:11:54+00:00","dateModified":"2022-01-21T13:06:47+00:00","author":{"@id":"https:\/\/www.fagor.eus\/#\/schema\/person\/d7294802cef9840476f49bd2f2122375"},"breadcrumb":{"@id":"https:\/\/www.fagor.eus\/es\/estreno-de-la-pelicula-de-animacion-lur-eta-amets\/#breadcrumb"},"inLanguage":"es","potentialAction":[{"@type":"ReadAction","target":["https:\/\/www.fagor.eus\/es\/estreno-de-la-pelicula-de-animacion-lur-eta-amets\/"]}]},{"@type":"ImageObject","inLanguage":"es","@id":"https:\/\/www.fagor.eus\/es\/estreno-de-la-pelicula-de-animacion-lur-eta-amets\/#primaryimage","url":"https:\/\/www.fagor.eus\/wp-content\/uploads\/2020\/02\/lur-eta-amets.jpg","contentUrl":"https:\/\/www.fagor.eus\/wp-content\/uploads\/2020\/02\/lur-eta-amets.jpg","width":1920,"height":1080},{"@type":"BreadcrumbList","@id":"https:\/\/www.fagor.eus\/es\/estreno-de-la-pelicula-de-animacion-lur-eta-amets\/#breadcrumb","itemListElement":[{"@type":"ListItem","position":1,"name":"Home","item":"https:\/\/www.fagor.eus\/es\/"},{"@type":"ListItem","position":2,"name":"Estreno de la pel\u00edcula de animaci\u00f3n &#8216;Lur eta Amets&#8217;"}]},{"@type":"WebSite","@id":"https:\/\/www.fagor.eus\/#website","url":"https:\/\/www.fagor.eus\/","name":"Fagor","description":"Trabajando por un futuro mejor","potentialAction":[{"@type":"SearchAction","target":{"@type":"EntryPoint","urlTemplate":"https:\/\/www.fagor.eus\/?s={search_term_string}"},"query-input":{"@type":"PropertyValueSpecification","valueRequired":true,"valueName":"search_term_string"}}],"inLanguage":"es"},{"@type":"Person","@id":"https:\/\/www.fagor.eus\/#\/schema\/person\/d7294802cef9840476f49bd2f2122375","name":"Fagor Taldea","image":{"@type":"ImageObject","inLanguage":"es","@id":"https:\/\/secure.gravatar.com\/avatar\/cec0ca982b168f09eff729422ed88eaaae37172c0336e0d27cd3f2b75015b046?s=96&d=mm&r=g","url":"https:\/\/secure.gravatar.com\/avatar\/cec0ca982b168f09eff729422ed88eaaae37172c0336e0d27cd3f2b75015b046?s=96&d=mm&r=g","contentUrl":"https:\/\/secure.gravatar.com\/avatar\/cec0ca982b168f09eff729422ed88eaaae37172c0336e0d27cd3f2b75015b046?s=96&d=mm&r=g","caption":"Fagor Taldea"},"url":"https:\/\/www.fagor.eus\/es\/author\/system\/"}]}},"_links":{"self":[{"href":"https:\/\/www.fagor.eus\/es\/wp-json\/wp\/v2\/posts\/10718","targetHints":{"allow":["GET"]}}],"collection":[{"href":"https:\/\/www.fagor.eus\/es\/wp-json\/wp\/v2\/posts"}],"about":[{"href":"https:\/\/www.fagor.eus\/es\/wp-json\/wp\/v2\/types\/post"}],"author":[{"embeddable":true,"href":"https:\/\/www.fagor.eus\/es\/wp-json\/wp\/v2\/users\/1"}],"replies":[{"embeddable":true,"href":"https:\/\/www.fagor.eus\/es\/wp-json\/wp\/v2\/comments?post=10718"}],"version-history":[{"count":2,"href":"https:\/\/www.fagor.eus\/es\/wp-json\/wp\/v2\/posts\/10718\/revisions"}],"predecessor-version":[{"id":12003,"href":"https:\/\/www.fagor.eus\/es\/wp-json\/wp\/v2\/posts\/10718\/revisions\/12003"}],"wp:featuredmedia":[{"embeddable":true,"href":"https:\/\/www.fagor.eus\/es\/wp-json\/wp\/v2\/media\/12000"}],"wp:attachment":[{"href":"https:\/\/www.fagor.eus\/es\/wp-json\/wp\/v2\/media?parent=10718"}],"wp:term":[{"taxonomy":"category","embeddable":true,"href":"https:\/\/www.fagor.eus\/es\/wp-json\/wp\/v2\/categories?post=10718"},{"taxonomy":"post_tag","embeddable":true,"href":"https:\/\/www.fagor.eus\/es\/wp-json\/wp\/v2\/tags?post=10718"}],"curies":[{"name":"wp","href":"https:\/\/api.w.org\/{rel}","templated":true}]}}