{"id":10552,"date":"2021-09-23T13:45:17","date_gmt":"2021-09-23T13:45:17","guid":{"rendered":"https:\/\/www.fagor.eus\/?p=10552"},"modified":"2022-01-21T12:38:15","modified_gmt":"2022-01-21T12:38:15","slug":"amaia-sarasola-profesional-recomendada-por-una-guia-internacional-especializada-en-patentes","status":"publish","type":"post","link":"https:\/\/www.fagor.eus\/es\/amaia-sarasola-profesional-recomendada-por-una-guia-internacional-especializada-en-patentes\/","title":{"rendered":"Aumenta el reconocimiento a nivel mundial de la cooperativa Galbaian y se ratifica su trabajo"},"content":{"rendered":"<p>Galbaian acaba de recibir un nuevo reconocimiento, es este caso, de la mano de la revista especializada en propiedad intelectual e industrial <em>IAM <\/em>(<em>Intellectual Asset Management<\/em>). Dicho medio tiene como costumbre realizar varias listas anuales con las personas profesionales m\u00e1s recomendadas, despu\u00e9s de hacer un exhaustivo seguimiento a su trabajo. Pues bien, este a\u00f1o hay varias novedades relacionadas con esas listas en Galbaian: Amaia Sarasola, asesora en patentes de la cooperativa, aparece por primera vez en la gu\u00eda <em>IAM Patent 1000-The World\u2019s Leading Patent Professionals,<\/em> e, Idoia Apraiz, asesora en patentes y responsable en el \u00e1mbito de la gesti\u00f3n estrat\u00e9gica de la propiedad industrial e intelectual, se encuentra entre las personas recomendadas por la gu\u00eda <em>IAM Strategy 300: The World\u2019s Leading IP Strategists <\/em>-en ella se identifican profesionales para el desarrollo y puesta en marcha de estrategias \u00fatiles para el aumento del valor de la cartera de propiedad industrial e intelectual-.<\/p>\n<p>Cabe recordar que no es la primera vez que la revista IAM decide reconocer el trabajo de la cooperativa Galbaian. La gu\u00eda <em>IAM Patent 1000-The World\u2019s Leading Patent Professionals <\/em>recomend\u00f3 por primera vez a Ismael Igartua, director y asesor en propiedad industrial e intelectual, en 2015 -desde el a\u00f1o 2017 aparece, adem\u00e1s, como profesional \u00abmuy recomendado\u00bb-. Despu\u00e9s, en 2016,  dicha gu\u00eda decidi\u00f3 reconocer a Galbaian como empresa recomendada en el \u00e1mbito de la propiedad industrial e intelectual -desde entonces repite presencia anualmente-. Y el a\u00f1o 2020 trajo una nueva novedad: Eduardo Gonzalez, asesor en patentes, entr\u00f3 en la gu\u00eda de personas profesionales recomendadas. \u00abTodos esos reconocimientos ratifican el buen trabajo de Galbaian y son reflejo de la fuerza que est\u00e1 adoptando el equipo\u00bb,  subrayan responsables de la cooperativa.<\/p>\n<p>Esto es lo que dice <em>IAM Patent 1000-The World\u2019s Leading Patent Professionals<\/em> sobre Galbaian, Amaia Sarasola, Ismael Igartua y Eduardo Gonz\u00e1lez -el texto est\u00e1 en el idioma original-:<\/p>\n<p><em>\u201cA rising star in Spanish IP\u201d, GALBAIAN is in hot demand for its value-added strategic advice and prosecution services. Its highly qualified, responsive team takes a resolutely practical approach to each mandate, which translates into comprehensive, easily implementable counsel. \u201cThey dedicate themselves to patents with rigour and passion; their experience, know-how and approachability are just some of the reasons we continue to work with them,\u201d reports one client. Director and telecommunications engineer <strong>Ismael Igartua<\/strong> is \u201ca quick and deep thinker who can see what other attorneys cannot. He really gets to know the specifics of every case, never limits his advice and suggests the best strategies according to each circumstance. Ismael is super-bright, has that level of gravitas and really makes himself heard before the courts and patent offices\u201d. Working alongside him are <strong>Eduardo Gonz\u00e1lez<\/strong> and <strong>Amaia Sarasola<\/strong>. A highly skilled patent attorney with in-depth mechanical engineering expertise, Gonz\u00e1lez has \u201cgreat scientific and practical knowledge\u201d. Sarasola makes her IAM Patent 1000 debut thanks to glowing client feedback: \u201cAmaia is talented, thorough and an excellent communicator. Her attention to detail is second to none; she is also really resourceful and can assimilate sector-specific technical concepts, come up with pragmatic solutions and then present them clearly\u201d<\/em><em>.<\/em><\/p>\n","protected":false},"excerpt":{"rendered":"<p>Galbaian acaba de recibir un nuevo reconocimiento, es este caso, de la mano de la revista especializada en propiedad intelectual e industrial IAM (Intellectual Asset Management). Dicho medio tiene como&#8230;<\/p>\n","protected":false},"author":1,"featured_media":11543,"comment_status":"closed","ping_status":"closed","sticky":false,"template":"","format":"standard","meta":{"footnotes":""},"categories":[98],"tags":[],"class_list":{"0":"post-10552","1":"post","2":"type-post","3":"status-publish","4":"format-standard","5":"has-post-thumbnail","7":"category-galbaian-es"},"yoast_head":"<!-- This site is optimized with the Yoast SEO plugin v27.4 - https:\/\/yoast.com\/product\/yoast-seo-wordpress\/ -->\n<title>Aumenta el reconocimiento a nivel mundial de la cooperativa Galbaian y se ratifica su trabajo &#187; FAGOR Trabajando por un futuro mejor<\/title>\n<meta name=\"robots\" content=\"index, follow, max-snippet:-1, max-image-preview:large, max-video-preview:-1\" \/>\n<link rel=\"canonical\" href=\"https:\/\/www.fagor.eus\/es\/amaia-sarasola-profesional-recomendada-por-una-guia-internacional-especializada-en-patentes\/\" \/>\n<meta property=\"og:locale\" content=\"es_ES\" \/>\n<meta property=\"og:type\" content=\"article\" \/>\n<meta property=\"og:title\" content=\"Aumenta el reconocimiento a nivel mundial de la cooperativa Galbaian y se ratifica su trabajo &#187; FAGOR Trabajando por un futuro mejor\" \/>\n<meta property=\"og:description\" content=\"Galbaian acaba de recibir un nuevo reconocimiento, es este caso, de la mano de la revista especializada en propiedad intelectual e industrial IAM (Intellectual Asset Management). Dicho medio tiene como...\" \/>\n<meta property=\"og:url\" content=\"https:\/\/www.fagor.eus\/es\/amaia-sarasola-profesional-recomendada-por-una-guia-internacional-especializada-en-patentes\/\" \/>\n<meta property=\"og:site_name\" content=\"FAGOR\" \/>\n<meta property=\"article:published_time\" content=\"2021-09-23T13:45:17+00:00\" \/>\n<meta property=\"article:modified_time\" content=\"2022-01-21T12:38:15+00:00\" \/>\n<meta property=\"og:image\" content=\"https:\/\/www.fagor.eus\/wp-content\/uploads\/2021\/09\/IAM-Galbaian-GrupoFagor-scaled.jpg\" \/>\n\t<meta property=\"og:image:width\" content=\"2560\" \/>\n\t<meta property=\"og:image:height\" content=\"1703\" \/>\n\t<meta property=\"og:image:type\" content=\"image\/jpeg\" \/>\n<meta name=\"author\" content=\"Fagor Taldea\" \/>\n<meta name=\"twitter:card\" content=\"summary_large_image\" \/>\n<meta name=\"twitter:creator\" content=\"@FagorTaldea\" \/>\n<meta name=\"twitter:site\" content=\"@FagorTaldea\" \/>\n<meta name=\"twitter:label1\" content=\"Escrito por\" \/>\n\t<meta name=\"twitter:data1\" content=\"Fagor Taldea\" \/>\n\t<meta name=\"twitter:label2\" content=\"Tiempo de lectura\" \/>\n\t<meta name=\"twitter:data2\" content=\"3 minutos\" \/>\n<script type=\"application\/ld+json\" class=\"yoast-schema-graph\">{\"@context\":\"https:\\\/\\\/schema.org\",\"@graph\":[{\"@type\":\"Article\",\"@id\":\"https:\\\/\\\/www.fagor.eus\\\/es\\\/amaia-sarasola-profesional-recomendada-por-una-guia-internacional-especializada-en-patentes\\\/#article\",\"isPartOf\":{\"@id\":\"https:\\\/\\\/www.fagor.eus\\\/es\\\/amaia-sarasola-profesional-recomendada-por-una-guia-internacional-especializada-en-patentes\\\/\"},\"author\":{\"name\":\"Fagor Taldea\",\"@id\":\"https:\\\/\\\/www.fagor.eus\\\/#\\\/schema\\\/person\\\/d7294802cef9840476f49bd2f2122375\"},\"headline\":\"Aumenta el reconocimiento a nivel mundial de la cooperativa Galbaian y se ratifica su trabajo\",\"datePublished\":\"2021-09-23T13:45:17+00:00\",\"dateModified\":\"2022-01-21T12:38:15+00:00\",\"mainEntityOfPage\":{\"@id\":\"https:\\\/\\\/www.fagor.eus\\\/es\\\/amaia-sarasola-profesional-recomendada-por-una-guia-internacional-especializada-en-patentes\\\/\"},\"wordCount\":542,\"image\":{\"@id\":\"https:\\\/\\\/www.fagor.eus\\\/es\\\/amaia-sarasola-profesional-recomendada-por-una-guia-internacional-especializada-en-patentes\\\/#primaryimage\"},\"thumbnailUrl\":\"https:\\\/\\\/www.fagor.eus\\\/wp-content\\\/uploads\\\/2021\\\/09\\\/IAM-Galbaian-GrupoFagor-scaled.jpg\",\"articleSection\":[\"Galbaian\"],\"inLanguage\":\"es\"},{\"@type\":\"WebPage\",\"@id\":\"https:\\\/\\\/www.fagor.eus\\\/es\\\/amaia-sarasola-profesional-recomendada-por-una-guia-internacional-especializada-en-patentes\\\/\",\"url\":\"https:\\\/\\\/www.fagor.eus\\\/es\\\/amaia-sarasola-profesional-recomendada-por-una-guia-internacional-especializada-en-patentes\\\/\",\"name\":\"Aumenta el reconocimiento a nivel mundial de la cooperativa Galbaian y se ratifica su trabajo &#187; FAGOR Trabajando por un futuro mejor\",\"isPartOf\":{\"@id\":\"https:\\\/\\\/www.fagor.eus\\\/#website\"},\"primaryImageOfPage\":{\"@id\":\"https:\\\/\\\/www.fagor.eus\\\/es\\\/amaia-sarasola-profesional-recomendada-por-una-guia-internacional-especializada-en-patentes\\\/#primaryimage\"},\"image\":{\"@id\":\"https:\\\/\\\/www.fagor.eus\\\/es\\\/amaia-sarasola-profesional-recomendada-por-una-guia-internacional-especializada-en-patentes\\\/#primaryimage\"},\"thumbnailUrl\":\"https:\\\/\\\/www.fagor.eus\\\/wp-content\\\/uploads\\\/2021\\\/09\\\/IAM-Galbaian-GrupoFagor-scaled.jpg\",\"datePublished\":\"2021-09-23T13:45:17+00:00\",\"dateModified\":\"2022-01-21T12:38:15+00:00\",\"author\":{\"@id\":\"https:\\\/\\\/www.fagor.eus\\\/#\\\/schema\\\/person\\\/d7294802cef9840476f49bd2f2122375\"},\"breadcrumb\":{\"@id\":\"https:\\\/\\\/www.fagor.eus\\\/es\\\/amaia-sarasola-profesional-recomendada-por-una-guia-internacional-especializada-en-patentes\\\/#breadcrumb\"},\"inLanguage\":\"es\",\"potentialAction\":[{\"@type\":\"ReadAction\",\"target\":[\"https:\\\/\\\/www.fagor.eus\\\/es\\\/amaia-sarasola-profesional-recomendada-por-una-guia-internacional-especializada-en-patentes\\\/\"]}]},{\"@type\":\"ImageObject\",\"inLanguage\":\"es\",\"@id\":\"https:\\\/\\\/www.fagor.eus\\\/es\\\/amaia-sarasola-profesional-recomendada-por-una-guia-internacional-especializada-en-patentes\\\/#primaryimage\",\"url\":\"https:\\\/\\\/www.fagor.eus\\\/wp-content\\\/uploads\\\/2021\\\/09\\\/IAM-Galbaian-GrupoFagor-scaled.jpg\",\"contentUrl\":\"https:\\\/\\\/www.fagor.eus\\\/wp-content\\\/uploads\\\/2021\\\/09\\\/IAM-Galbaian-GrupoFagor-scaled.jpg\",\"width\":2560,\"height\":1703},{\"@type\":\"BreadcrumbList\",\"@id\":\"https:\\\/\\\/www.fagor.eus\\\/es\\\/amaia-sarasola-profesional-recomendada-por-una-guia-internacional-especializada-en-patentes\\\/#breadcrumb\",\"itemListElement\":[{\"@type\":\"ListItem\",\"position\":1,\"name\":\"Home\",\"item\":\"https:\\\/\\\/www.fagor.eus\\\/es\\\/\"},{\"@type\":\"ListItem\",\"position\":2,\"name\":\"Aumenta el reconocimiento a nivel mundial de la cooperativa Galbaian y se ratifica su trabajo\"}]},{\"@type\":\"WebSite\",\"@id\":\"https:\\\/\\\/www.fagor.eus\\\/#website\",\"url\":\"https:\\\/\\\/www.fagor.eus\\\/\",\"name\":\"Fagor\",\"description\":\"Trabajando por un futuro mejor\",\"potentialAction\":[{\"@type\":\"SearchAction\",\"target\":{\"@type\":\"EntryPoint\",\"urlTemplate\":\"https:\\\/\\\/www.fagor.eus\\\/?s={search_term_string}\"},\"query-input\":{\"@type\":\"PropertyValueSpecification\",\"valueRequired\":true,\"valueName\":\"search_term_string\"}}],\"inLanguage\":\"es\"},{\"@type\":\"Person\",\"@id\":\"https:\\\/\\\/www.fagor.eus\\\/#\\\/schema\\\/person\\\/d7294802cef9840476f49bd2f2122375\",\"name\":\"Fagor Taldea\",\"image\":{\"@type\":\"ImageObject\",\"inLanguage\":\"es\",\"@id\":\"https:\\\/\\\/secure.gravatar.com\\\/avatar\\\/cec0ca982b168f09eff729422ed88eaaae37172c0336e0d27cd3f2b75015b046?s=96&d=mm&r=g\",\"url\":\"https:\\\/\\\/secure.gravatar.com\\\/avatar\\\/cec0ca982b168f09eff729422ed88eaaae37172c0336e0d27cd3f2b75015b046?s=96&d=mm&r=g\",\"contentUrl\":\"https:\\\/\\\/secure.gravatar.com\\\/avatar\\\/cec0ca982b168f09eff729422ed88eaaae37172c0336e0d27cd3f2b75015b046?s=96&d=mm&r=g\",\"caption\":\"Fagor Taldea\"},\"url\":\"https:\\\/\\\/www.fagor.eus\\\/es\\\/author\\\/system\\\/\"}]}<\/script>\n<!-- \/ Yoast SEO plugin. -->","yoast_head_json":{"title":"Aumenta el reconocimiento a nivel mundial de la cooperativa Galbaian y se ratifica su trabajo &#187; FAGOR Trabajando por un futuro mejor","robots":{"index":"index","follow":"follow","max-snippet":"max-snippet:-1","max-image-preview":"max-image-preview:large","max-video-preview":"max-video-preview:-1"},"canonical":"https:\/\/www.fagor.eus\/es\/amaia-sarasola-profesional-recomendada-por-una-guia-internacional-especializada-en-patentes\/","og_locale":"es_ES","og_type":"article","og_title":"Aumenta el reconocimiento a nivel mundial de la cooperativa Galbaian y se ratifica su trabajo &#187; FAGOR Trabajando por un futuro mejor","og_description":"Galbaian acaba de recibir un nuevo reconocimiento, es este caso, de la mano de la revista especializada en propiedad intelectual e industrial IAM (Intellectual Asset Management). Dicho medio tiene como...","og_url":"https:\/\/www.fagor.eus\/es\/amaia-sarasola-profesional-recomendada-por-una-guia-internacional-especializada-en-patentes\/","og_site_name":"FAGOR","article_published_time":"2021-09-23T13:45:17+00:00","article_modified_time":"2022-01-21T12:38:15+00:00","og_image":[{"width":2560,"height":1703,"url":"https:\/\/www.fagor.eus\/wp-content\/uploads\/2021\/09\/IAM-Galbaian-GrupoFagor-scaled.jpg","type":"image\/jpeg"}],"author":"Fagor Taldea","twitter_card":"summary_large_image","twitter_creator":"@FagorTaldea","twitter_site":"@FagorTaldea","twitter_misc":{"Escrito por":"Fagor Taldea","Tiempo de lectura":"3 minutos"},"schema":{"@context":"https:\/\/schema.org","@graph":[{"@type":"Article","@id":"https:\/\/www.fagor.eus\/es\/amaia-sarasola-profesional-recomendada-por-una-guia-internacional-especializada-en-patentes\/#article","isPartOf":{"@id":"https:\/\/www.fagor.eus\/es\/amaia-sarasola-profesional-recomendada-por-una-guia-internacional-especializada-en-patentes\/"},"author":{"name":"Fagor Taldea","@id":"https:\/\/www.fagor.eus\/#\/schema\/person\/d7294802cef9840476f49bd2f2122375"},"headline":"Aumenta el reconocimiento a nivel mundial de la cooperativa Galbaian y se ratifica su trabajo","datePublished":"2021-09-23T13:45:17+00:00","dateModified":"2022-01-21T12:38:15+00:00","mainEntityOfPage":{"@id":"https:\/\/www.fagor.eus\/es\/amaia-sarasola-profesional-recomendada-por-una-guia-internacional-especializada-en-patentes\/"},"wordCount":542,"image":{"@id":"https:\/\/www.fagor.eus\/es\/amaia-sarasola-profesional-recomendada-por-una-guia-internacional-especializada-en-patentes\/#primaryimage"},"thumbnailUrl":"https:\/\/www.fagor.eus\/wp-content\/uploads\/2021\/09\/IAM-Galbaian-GrupoFagor-scaled.jpg","articleSection":["Galbaian"],"inLanguage":"es"},{"@type":"WebPage","@id":"https:\/\/www.fagor.eus\/es\/amaia-sarasola-profesional-recomendada-por-una-guia-internacional-especializada-en-patentes\/","url":"https:\/\/www.fagor.eus\/es\/amaia-sarasola-profesional-recomendada-por-una-guia-internacional-especializada-en-patentes\/","name":"Aumenta el reconocimiento a nivel mundial de la cooperativa Galbaian y se ratifica su trabajo &#187; FAGOR Trabajando por un futuro mejor","isPartOf":{"@id":"https:\/\/www.fagor.eus\/#website"},"primaryImageOfPage":{"@id":"https:\/\/www.fagor.eus\/es\/amaia-sarasola-profesional-recomendada-por-una-guia-internacional-especializada-en-patentes\/#primaryimage"},"image":{"@id":"https:\/\/www.fagor.eus\/es\/amaia-sarasola-profesional-recomendada-por-una-guia-internacional-especializada-en-patentes\/#primaryimage"},"thumbnailUrl":"https:\/\/www.fagor.eus\/wp-content\/uploads\/2021\/09\/IAM-Galbaian-GrupoFagor-scaled.jpg","datePublished":"2021-09-23T13:45:17+00:00","dateModified":"2022-01-21T12:38:15+00:00","author":{"@id":"https:\/\/www.fagor.eus\/#\/schema\/person\/d7294802cef9840476f49bd2f2122375"},"breadcrumb":{"@id":"https:\/\/www.fagor.eus\/es\/amaia-sarasola-profesional-recomendada-por-una-guia-internacional-especializada-en-patentes\/#breadcrumb"},"inLanguage":"es","potentialAction":[{"@type":"ReadAction","target":["https:\/\/www.fagor.eus\/es\/amaia-sarasola-profesional-recomendada-por-una-guia-internacional-especializada-en-patentes\/"]}]},{"@type":"ImageObject","inLanguage":"es","@id":"https:\/\/www.fagor.eus\/es\/amaia-sarasola-profesional-recomendada-por-una-guia-internacional-especializada-en-patentes\/#primaryimage","url":"https:\/\/www.fagor.eus\/wp-content\/uploads\/2021\/09\/IAM-Galbaian-GrupoFagor-scaled.jpg","contentUrl":"https:\/\/www.fagor.eus\/wp-content\/uploads\/2021\/09\/IAM-Galbaian-GrupoFagor-scaled.jpg","width":2560,"height":1703},{"@type":"BreadcrumbList","@id":"https:\/\/www.fagor.eus\/es\/amaia-sarasola-profesional-recomendada-por-una-guia-internacional-especializada-en-patentes\/#breadcrumb","itemListElement":[{"@type":"ListItem","position":1,"name":"Home","item":"https:\/\/www.fagor.eus\/es\/"},{"@type":"ListItem","position":2,"name":"Aumenta el reconocimiento a nivel mundial de la cooperativa Galbaian y se ratifica su trabajo"}]},{"@type":"WebSite","@id":"https:\/\/www.fagor.eus\/#website","url":"https:\/\/www.fagor.eus\/","name":"Fagor","description":"Trabajando por un futuro mejor","potentialAction":[{"@type":"SearchAction","target":{"@type":"EntryPoint","urlTemplate":"https:\/\/www.fagor.eus\/?s={search_term_string}"},"query-input":{"@type":"PropertyValueSpecification","valueRequired":true,"valueName":"search_term_string"}}],"inLanguage":"es"},{"@type":"Person","@id":"https:\/\/www.fagor.eus\/#\/schema\/person\/d7294802cef9840476f49bd2f2122375","name":"Fagor Taldea","image":{"@type":"ImageObject","inLanguage":"es","@id":"https:\/\/secure.gravatar.com\/avatar\/cec0ca982b168f09eff729422ed88eaaae37172c0336e0d27cd3f2b75015b046?s=96&d=mm&r=g","url":"https:\/\/secure.gravatar.com\/avatar\/cec0ca982b168f09eff729422ed88eaaae37172c0336e0d27cd3f2b75015b046?s=96&d=mm&r=g","contentUrl":"https:\/\/secure.gravatar.com\/avatar\/cec0ca982b168f09eff729422ed88eaaae37172c0336e0d27cd3f2b75015b046?s=96&d=mm&r=g","caption":"Fagor Taldea"},"url":"https:\/\/www.fagor.eus\/es\/author\/system\/"}]}},"_links":{"self":[{"href":"https:\/\/www.fagor.eus\/es\/wp-json\/wp\/v2\/posts\/10552","targetHints":{"allow":["GET"]}}],"collection":[{"href":"https:\/\/www.fagor.eus\/es\/wp-json\/wp\/v2\/posts"}],"about":[{"href":"https:\/\/www.fagor.eus\/es\/wp-json\/wp\/v2\/types\/post"}],"author":[{"embeddable":true,"href":"https:\/\/www.fagor.eus\/es\/wp-json\/wp\/v2\/users\/1"}],"replies":[{"embeddable":true,"href":"https:\/\/www.fagor.eus\/es\/wp-json\/wp\/v2\/comments?post=10552"}],"version-history":[{"count":2,"href":"https:\/\/www.fagor.eus\/es\/wp-json\/wp\/v2\/posts\/10552\/revisions"}],"predecessor-version":[{"id":11546,"href":"https:\/\/www.fagor.eus\/es\/wp-json\/wp\/v2\/posts\/10552\/revisions\/11546"}],"wp:featuredmedia":[{"embeddable":true,"href":"https:\/\/www.fagor.eus\/es\/wp-json\/wp\/v2\/media\/11543"}],"wp:attachment":[{"href":"https:\/\/www.fagor.eus\/es\/wp-json\/wp\/v2\/media?parent=10552"}],"wp:term":[{"taxonomy":"category","embeddable":true,"href":"https:\/\/www.fagor.eus\/es\/wp-json\/wp\/v2\/categories?post=10552"},{"taxonomy":"post_tag","embeddable":true,"href":"https:\/\/www.fagor.eus\/es\/wp-json\/wp\/v2\/tags?post=10552"}],"curies":[{"name":"wp","href":"https:\/\/api.w.org\/{rel}","templated":true}]}}